{"id":13173,"date":"2025-01-16T14:14:11","date_gmt":"2025-01-16T13:14:11","guid":{"rendered":"https:\/\/help.mapal-os.com\/?p=13173"},"modified":"2026-01-26T12:08:35","modified_gmt":"2026-01-26T11:08:35","slug":"gestionar-diferentes-periodos-o-como-asegurar-que-easilys-se-adapte-a-las-incertidumbres-del-calendario","status":"publish","type":"post","link":"https:\/\/help.mapal-os.com\/es\/easilys-es\/centros\/calendarios\/gestionar-diferentes-periodos-o-como-asegurar-que-easilys-se-adapte-a-las-incertidumbres-del-calendario\/","title":{"rendered":"Gestionar diferentes per\u00edodos o c\u00f3mo asegurar que Easilys se adapte a las incertidumbres del calendario"},"content":{"rendered":"<div data-wrapper=\"true\">\n<p><strong>Observaciones:<\/strong> cada acci\u00f3n que realizas en la aplicaci\u00f3n est\u00e1 sujeta a una tarifa. Si no puedes realizar las acciones recomendadas en los art\u00edculos que est\u00e1s viendo, es posible que no tengas habilitados los derechos necesarios en tu Perfil de usuario. Ponte en contacto con el equipo de soporte o con tus Administradores para obtener m\u00e1s informaci\u00f3n.<\/p>\n<p><strong>Empieza desde<\/strong>: el men\u00fa principal de Easilys.<\/p>\n<p><strong>Los periodos permiten adaptar ciertos \u00edtems de Easilys a esos periodos.<\/strong><\/p>\n<p>Por ejemplo, se pueden establecer diferentes comisiones para la misma trama de men\u00fa, seg\u00fan el periodo seleccionado.<\/p>\n<p>As\u00ed que, si ofreces dos inputs, en tu periodo A asignar\u00e1s una tasa de Propuesta del 50\u00a0% para el input 1 y una tasa de Propuesta del 50\u00a0% para el input 2. En tu periodo B, las tasas de captaci\u00f3n ser\u00e1n del 25\u00a0% y del 75\u00a0%. No es necesario crear dos tramas de men\u00fa diferentes para pilotar tus dos periodos.<\/p>\n<h2>CREAR UN PERIODO NUEVO<\/h2>\n<ul>\n<li style=\"list-style-position: inside\">Selecciona las pesta\u00f1as <strong>Sites &gt; Calendarios<\/strong>.<\/li>\n<li style=\"list-style-position: inside\">Selecciona<strong> + Crear<\/strong>.<\/li>\n<\/ul>\n<p style=\"list-style-position: inside\"><span style=\"font-size: 11pt\"><span style=\"line-height: normal\"><span style='font-family: \"Calibri\", sans-serif'><span style=\"font-size: 12pt\"><span style='font-family: \"Times New Roman\", serif'><img decoding=\"async\" alt=\"Una imagen que contiene texto, software, icono de ordenador, sistema operativo&lt;br&gt;&lt;br&gt;Descripci\u00f3n generada autom\u00e1ticamente\" data-msdynid=\"___c5bad568-18a8-ef11-b8e8-6045bd871a66___\" data-msdyntype=\"data:image\/png;base64\" src=\"\/wp-content\/uploads\/2024\/migration\/KA-01739\/img0.jpg\" style=\"width: 605px; height: 292px\"><\/span><\/span><\/span><\/span><\/span><\/p>\n<p>\u00a0<\/p>\n<p>Aparece una \"hoja de calendario\" en blanco en el lado derecho de la vista.<\/p>\n<ul>\n<li style=\"list-style-position: inside\"><strong>Rellena la informaci\u00f3n solicitada<\/strong>. Los campos marcados con un asterisco (*) son obligatorios.<\/li>\n<\/ul>\n<p>Si no tienes <strong>ning\u00fan tipo de periodo<\/strong> disponible, <strong>puedes crearlos seleccionando la peque\u00f1a rueda dentada<\/strong>. Un tipo de periodo corresponde, por as\u00ed decirlo, a una clasificaci\u00f3n de almacenamiento para tus periodos.\u00a0<\/p>\n<p><strong>Ejemplo:<\/strong> El tipo de periodo VACACIONES CORTAS te permite vincular todos los periodos definidos para pilotar las vacaciones escolares cortas en todo el territorio. Luego puedes vincular todos los periodos de vacaciones de cada zona escolar a este tipo de periodo.\u00a0<\/p>\n<ul>\n<li style=\"list-style-position: inside\"><strong>A\u00f1ade una etiqueta de Ubicaci\u00f3n<\/strong> si quieres que el periodo sea utilizado solo por Centros que tengan la misma etiqueta de Ubicaci\u00f3n. Puedes crear etiquetas de Ubicaci\u00f3n desde la pantalla TAGS (secci\u00f3n SITES).<\/li>\n<li style=\"list-style-position: inside\">Selecciona <strong>Guardar <\/strong> para finalizar la creaci\u00f3n del periodo.<\/li>\n<\/ul>\n<p style=\"list-style-position: inside\"><span style=\"font-size: 11pt\"><span style=\"line-height: normal\"><span style='font-family: \"Calibri\", sans-serif'><span style=\"font-size: 12pt\"><span style='font-family: \"Times New Roman\", serif'><img loading=\"lazy\" decoding=\"async\" alt=\"Une image contenant texte, capture d\u2019\u00e9cran, logiciel, Ic\u00f4ne d\u2019ordinateur&lt;br&gt;&lt;br&gt;Descripci\u00f3n generada autom\u00e1ticamente\" data-msdynid=\"___fdbad568-18a8-ef11-b8e8-6045bd871a66___\" data-msdyntype=\"data:image\/png;base64\" height=\"431\" src=\"\/wp-content\/uploads\/2024\/migration\/KA-01739\/img1.jpg\" style=\"width: 889px; height: 431px\" width=\"889\"><\/span><\/span><\/span><\/span><\/span><\/p>\n<h2>USAR PUNTOS<\/h2>\n<p>Una vez que se hayan creado los periodos y se hayan asociado a tipos de periodo, <strong>puedes ir a las pantallas de Administrar que usan el concepto de tipos de periodo<\/strong>. Al seleccionar un tipo de periodo, se aplicar\u00e1n los periodos asociados (respetando, por supuesto, las etiquetas de ubicaci\u00f3n asociadas con los Centros).<\/p>\n<p><strong>Actualmente, puedes usar tipos de periodo en:<\/strong><\/p>\n<p>- La pantalla \"Trama de men\u00fa\" (Men\u00fas &gt; pesta\u00f1as de Trama de men\u00fa)<\/p>\n<p>- La pantalla \"Tours\" (pesta\u00f1as Env\u00edo &gt; Tours)<\/p>\n<h2>MODIFICAR O ELIMINAR UN PER\u00cdODO<\/h2>\n<ul>\n<li style=\"list-style-position: inside\"><strong>Selecciona un periodo existente.\u00a0<\/strong><\/li>\n<\/ul>\n<p>La hoja de periodo aparece a la derecha de la pantalla.<\/p>\n<ul>\n<li style=\"list-style-position: inside\">Selecciona <strong>Modificar<\/strong> para cambiar el periodo.<\/li>\n<li style=\"list-style-position: inside\">Selecciona el icono de papelera<strong>\u00a0<\/strong> para eliminar el per\u00edodo de forma permanente.<\/li>\n<\/ul>\n<p style=\"list-style-position: inside\"><span style=\"font-size: 11pt\"><span style=\"line-height: normal\"><span style='font-family: \"Calibri\", sans-serif'><span style=\"font-size: 12pt\"><span style='font-family: \"Times New Roman\", serif'><img loading=\"lazy\" decoding=\"async\" data-msdynid=\"___d395d12b-19a8-ef11-b8e8-6045bd871a66___\" data-msdyntype=\"data:image\/jpeg;base64\" height=\"332\" src=\"\/wp-content\/uploads\/2024\/migration\/KA-01739\/img2.jpg\" style=\"width: 776px; height: 332px\" width=\"776\"><\/span><\/span><\/span><\/span><\/span><\/p>\n<p>Las modificaciones o eliminaciones solo se pueden hacer<strong> desde el Centro donde se cre\u00f3 el periodo.<\/strong><\/p>\n<\/div>\n","protected":false},"excerpt":{"rendered":"<p>Como gestor de restaurante, quieres gestionar distintos periodos y asegurarte de que Easys se adapta a los vaivenes del calendario para mantener la flexibilidad operativa. Esta gu\u00eda te acompa\u00f1a en el proceso.<\/p>\n","protected":false},"author":251210541,"featured_media":0,"comment_status":"closed","ping_status":"closed","sticky":false,"template":"","format":"standard","meta":{"_acf_changed":false,"inline_featured_image":false,"footnotes":""},"categories":[132655],"tags":[],"class_list":["post-13173","post","type-post","status-publish","format-standard","hentry","category-calendarios"],"acf":{"article_type":"default","post_id":"","post_url_text":"","post_url":"","info_box":{"title":"","info":""},"post_video":null,"import_category":"","overview_item":null,"troubleshoot_case":null},"_links":{"self":[{"href":"https:\/\/help.mapal-os.com\/es\/wp-json\/wp\/v2\/posts\/13173","targetHints":{"allow":["GET"]}}],"collection":[{"href":"https:\/\/help.mapal-os.com\/es\/wp-json\/wp\/v2\/posts"}],"about":[{"href":"https:\/\/help.mapal-os.com\/es\/wp-json\/wp\/v2\/types\/post"}],"author":[{"embeddable":true,"href":"https:\/\/help.mapal-os.com\/es\/wp-json\/wp\/v2\/users\/251210541"}],"replies":[{"embeddable":true,"href":"https:\/\/help.mapal-os.com\/es\/wp-json\/wp\/v2\/comments?post=13173"}],"version-history":[{"count":0,"href":"https:\/\/help.mapal-os.com\/es\/wp-json\/wp\/v2\/posts\/13173\/revisions"}],"wp:attachment":[{"href":"https:\/\/help.mapal-os.com\/es\/wp-json\/wp\/v2\/media?parent=13173"}],"wp:term":[{"taxonomy":"category","embeddable":true,"href":"https:\/\/help.mapal-os.com\/es\/wp-json\/wp\/v2\/categories?post=13173"},{"taxonomy":"post_tag","embeddable":true,"href":"https:\/\/help.mapal-os.com\/es\/wp-json\/wp\/v2\/tags?post=13173"}],"curies":[{"name":"wp","href":"https:\/\/api.w.org\/{rel}","templated":true}]}}