{"id":10823,"date":"2025-01-16T14:13:41","date_gmt":"2025-01-16T13:13:41","guid":{"rendered":"https:\/\/help.mapal-os.com\/enregistrer-les-incidents-lies-a-labsenteisme-dans-lapplication-workforce\/"},"modified":"2026-01-26T11:53:03","modified_gmt":"2026-01-26T10:53:03","slug":"enregistrer-les-incidents-lias-a-l-absentaisme-dans-l-application-workforce","status":"publish","type":"post","link":"https:\/\/help.mapal-os.com\/fr\/workforce-fr\/workforce-app-2\/enregistrer-les-incidents-lias-a-l-absentaisme-dans-l-application-workforce\/","title":{"rendered":"Enregistrer les incidents li\u00e9s \u00e0\u00a0 l'absent\u00e9isme dans l'application Workforce"},"content":{"rendered":"\n\n<p><strong>Point de d\u00e9part :<\/strong> L\u2019application Workforce.<\/p>\n\n\n\n\n\n\n<ul class=\"wp-block-list\">\n\n<li>S\u00e9lectionnez l'<strong>ic\u00f4ne Workforce<\/strong> sur l'\u00e9cran de l'application afin d\u2019afficher le menu.<\/li>\n\n\n\n\n\n\n<li>S\u00e9lectionnez<strong> Incidents d'absent\u00e9isme<\/strong> dans le menu principal.<\/li>\n<\/ul>\n\n\n\n\n\n\n<h2 class=\"wp-block-heading\">\u00c9cran principal des incidents d'absent\u00e9isme<\/h2>\n\n\n\n\n\n\n<p>La page principale sur l'absent\u00e9isme affiche les statistiques d'absence pour tous les centres auxquels l'utilisateur a acc\u00e8s.<\/p>\n\n\n\n\n\n\n<figure class=\"wp-block-image size-large is-resized\"><img loading=\"lazy\" decoding=\"async\" width=\"471\" height=\"1024\" src=\"https:\/\/help.mapal-os.com\/wp-content\/uploads\/2025\/01\/IMG_6655-471x1024.png\" alt=\"\" class=\"wp-image-9873\" style=\"width:229px;height:auto\" srcset=\"https:\/\/help.mapal-os.com\/wp-content\/uploads\/2025\/01\/IMG_6655-471x1024.png 471w, https:\/\/help.mapal-os.com\/wp-content\/uploads\/2025\/01\/IMG_6655-138x300.png 138w, https:\/\/help.mapal-os.com\/wp-content\/uploads\/2025\/01\/IMG_6655-768x1669.png 768w, https:\/\/help.mapal-os.com\/wp-content\/uploads\/2025\/01\/IMG_6655-707x1536.png 707w, https:\/\/help.mapal-os.com\/wp-content\/uploads\/2025\/01\/IMG_6655-943x2048.png 943w, https:\/\/help.mapal-os.com\/wp-content\/uploads\/2025\/01\/IMG_6655-scaled.png 1178w\" sizes=\"auto, (max-width: 471px) 100vw, 471px\" \/><\/figure>\n\n\n\n\n\n\n<p>Les compteurs de l'en-t\u00eate de la page indiquent :<\/p>\n\n\n\n\n\n\n<ul class=\"wp-block-list\">\n\n<li>Le nombre d'employ\u00e9s <strong>Actifs<\/strong>.<\/li>\n\n\n\n\n\n\n<li>Le nombre d'incidents d'absent\u00e9isme par type :\n\n<ul class=\"wp-block-list\">\n\n<li>Jours F\u00e9ri\u00e9s<\/li>\n\n\n\n\n\n\n<li>Cong\u00e9s maladie<\/li>\n\n\n\n\n\n\n<li>Autres incidents<\/li>\n<\/ul>\n<\/li>\n\n\n\n\n\n\n<li>Pourcentage du total.<\/li>\n<\/ul>\n\n\n\n\n\n\n<p>En s\u00e9lectionnant une <strong>unit\u00e9 commerciale (dans la grille)<\/strong>, les d\u00e9tails des absences de l'unit\u00e9 commerciale s\u00e9lectionn\u00e9e s'affichent.<\/p>\n\n\n\n\n\n\n<figure class=\"wp-block-table is-style-stripes has-x-large-font-size\"><table class=\"has-fixed-layout\"><tbody><tr><td><img decoding=\"async\" src=\"https:\/\/help.mapal-os.com\/wp-content\/uploads\/2025\/01\/IMG_6657-1-471x1024.png\" alt=\"\"><\/td><td><img decoding=\"async\" src=\"https:\/\/help.mapal-os.com\/wp-content\/uploads\/2025\/01\/IMG_6658-1-471x1024.png\" alt=\"\"><\/td><\/tr><\/tbody><\/table><\/figure>\n\n\n\n\n\n\n<ul class=\"wp-block-list\">\n\n<li>S\u00e9lectionnez le<strong> champ de l'employ\u00e9 (la ligne)<\/strong> pour afficher les d\u00e9tails de ses incidents d'absence.<\/li>\n\n\n\n\n\n\n<li>En faisant glisser l'une des lignes <strong>vers la gauche<\/strong>, vous d\u00e9couvrirez les diff\u00e9rentes actions disponibles pour l'occurrence de l'absence :\n\n<ul class=\"wp-block-list\">\n\n<li>Modifier l'incident, y compris la possibilit\u00e9 de joindre des documents provenant du t\u00e9l\u00e9phone portable.<\/li>\n\n\n\n\n\n\n<li>\u00c9liminer l'incident.<\/li>\n\n\n\n\n\n\n<li>R\u00e9visez ou annulez la r\u00e9vision du probl\u00e8me.<\/li>\n<\/ul>\n<\/li>\n<\/ul>\n\n\n\n\n\n\n<p>Le menu donne acc\u00e8s \u00e0 la cr\u00e9ation d'absences, aux param\u00e8tres, aux filtres et au regroupement par composants.<\/p>\n\n\n\n\n\n\n<h2 class=\"wp-block-heading\">Cr\u00e9er un dossier d'absent\u00e9isme<\/h2>\n\n\n\n\n\n\n<ul class=\"wp-block-list\">\n\n<li>Acc\u00e9dez au menu de la page principale Absent\u00e9isme et s\u00e9lectionnez <strong>Cr\u00e9er un incident<\/strong>.<\/li>\n<\/ul>\n\n\n\n\n\n\n<figure class=\"wp-block-image size-large is-resized\"><img loading=\"lazy\" decoding=\"async\" width=\"471\" height=\"1024\" src=\"https:\/\/help.mapal-os.com\/wp-content\/uploads\/2025\/01\/IMG_6659-471x1024.png\" alt=\"\" class=\"wp-image-9871\" style=\"width:293px;height:auto\" srcset=\"https:\/\/help.mapal-os.com\/wp-content\/uploads\/2025\/01\/IMG_6659-471x1024.png 471w, https:\/\/help.mapal-os.com\/wp-content\/uploads\/2025\/01\/IMG_6659-138x300.png 138w, https:\/\/help.mapal-os.com\/wp-content\/uploads\/2025\/01\/IMG_6659-768x1669.png 768w, https:\/\/help.mapal-os.com\/wp-content\/uploads\/2025\/01\/IMG_6659-707x1536.png 707w, https:\/\/help.mapal-os.com\/wp-content\/uploads\/2025\/01\/IMG_6659-943x2048.png 943w, https:\/\/help.mapal-os.com\/wp-content\/uploads\/2025\/01\/IMG_6659-scaled.png 1178w\" sizes=\"auto, (max-width: 471px) 100vw, 471px\" \/><\/figure>\n\n\n\n\n\n\n<ul class=\"wp-block-list\">\n\n<li>Une fois que le composant Cr\u00e9er un incident appara\u00eet, <strong>remplissez tous les champs<\/strong>.<\/li>\n<\/ul>\n\n\n\n\n\n\n<figure class=\"wp-block-image size-large is-resized\"><img loading=\"lazy\" decoding=\"async\" width=\"471\" height=\"1024\" src=\"https:\/\/help.mapal-os.com\/wp-content\/uploads\/2025\/01\/IMG_6660-471x1024.png\" alt=\"\" class=\"wp-image-9870\" style=\"width:294px;height:auto\" srcset=\"https:\/\/help.mapal-os.com\/wp-content\/uploads\/2025\/01\/IMG_6660-471x1024.png 471w, https:\/\/help.mapal-os.com\/wp-content\/uploads\/2025\/01\/IMG_6660-138x300.png 138w, https:\/\/help.mapal-os.com\/wp-content\/uploads\/2025\/01\/IMG_6660-768x1669.png 768w, https:\/\/help.mapal-os.com\/wp-content\/uploads\/2025\/01\/IMG_6660-707x1536.png 707w, https:\/\/help.mapal-os.com\/wp-content\/uploads\/2025\/01\/IMG_6660-943x2048.png 943w, https:\/\/help.mapal-os.com\/wp-content\/uploads\/2025\/01\/IMG_6660-scaled.png 1178w\" sizes=\"auto, (max-width: 471px) 100vw, 471px\" \/><\/figure>\n\n\n\n\n\n\n<p><strong>Remarque :<\/strong> Contrairement au tableau de bord PC, l'onglet Documents est d\u00e9sactiv\u00e9. Les utilisateurs ne pourront ajouter des documents qu'aux absences d\u00e9j\u00e0 cr\u00e9\u00e9es.<\/p>\n\n\n\n\n\n\n<ul class=\"wp-block-list\">\n\n<li>Les cong\u00e9s maladie affichent des champs suppl\u00e9mentaires \u00e0 configurer :\n\n<ul class=\"wp-block-list\">\n\n<li>Date de fin confirm\u00e9e<\/li>\n\n\n\n\n\n\n<li>Hospitalisation<\/li>\n\n\n\n\n\n\n<li>Remplacement<\/li>\n\n\n\n\n\n\n<li>Rechute<\/li>\n<\/ul>\n<\/li>\n\n\n\n\n\n\n<li>Si les dates de d\u00e9but et de fin sont identiques et si l'absence peut \u00eatre d\u00e9finie pour une p\u00e9riode de temps au sein d'une journ\u00e9e, un <strong>bouton \u00e0 bascule<\/strong> sera activ\u00e9 pour d\u00e9finir l'absence comme une absence partielle si n\u00e9cessaire.<\/li>\n\n\n\n\n\n\n<li>Dans de tels cas, de nouveaux champs seront activ\u00e9s pour \u00e9tablir les <strong>heures de d\u00e9but et de fin<\/strong> de l'absence.<\/li>\n\n\n\n\n\n\n<li>Pour modifier un incident, acc\u00e9dez au probl\u00e8me de l'employ\u00e9, glissez vers la <strong>gauche<\/strong> et s\u00e9lectionnez l'<strong>ic\u00f4ne du crayon<\/strong>.<\/li>\n<\/ul>\n\n\n\n\n\n\n<p><strong>Remarque : <\/strong>Cette option ne s'affiche que si l'utilisateur dispose des autorisations n\u00e9cessaires et que l'absence n'est pas en cours d'examen.<\/p>\n\n\n\n\n\n\n<ul class=\"wp-block-list\">\n\n<li>Lorsque vous modifiez une absence, vous pouvez y<strong> joindre des fichiers<\/strong> en les s\u00e9lectionnant parmi les fichiers stock\u00e9s sur votre appareil mobile ou en prenant une photo du document.<\/li>\n<\/ul>\n\n\n\n\n\n\n<p><strong>Remarque : <\/strong>Comme dans les autres menus, vous pouvez utiliser des param\u00e8tres, des filtres et des regroupements pour trouver les occurrences.<\/p>\n\n\n\n\n\n\n<h2 class=\"wp-block-heading\">R\u00e8gles d'absent\u00e9isme<\/h2>\n\n\n\n\n\n\n<p>Les absences peuvent \u00eatre g\u00e9r\u00e9es avec des r\u00e8gles pour appliquer les politiques de l'entreprise et les exigences op\u00e9rationnelles. Ces r\u00e8gles peuvent \u00eatre activ\u00e9es lors de la configuration initiale ou sur demande et sont inactives par d\u00e9faut.<\/p>\n\n\n\n\n\n\n<p>Les r\u00e8gles peuvent \u00eatre configur\u00e9es pour :<\/p>\n\n\n\n\n\n\n<ul class=\"wp-block-list\">\n\n<li><strong>Exiger des documents justificatifs<\/strong> : par exemple, un cong\u00e9 maladie ou un accident du travail peut n\u00e9cessiter un certificat m\u00e9dical.<\/li>\n\n\n\n\n\n\n<li><strong>D\u00e9finissez des limites de dur\u00e9e minimale et maximale<\/strong> : par exemple, cong\u00e9 de mariage maximum 15 jours ; cong\u00e9 minimum 1 jour.<\/li>\n\n\n\n\n\n\n<li><strong>Bloquer les demandes pour des jours sp\u00e9cifiques<\/strong> : par exemple, les formations ne peuvent pas \u00eatre demand\u00e9es les jours f\u00e9ri\u00e9s du calendrier du site.<\/li>\n\n\n\n\n\n\n<li><strong>Restreindre par anciennet\u00e9<\/strong> : par exemple, les cong\u00e9s pay\u00e9s n\u00e9cessitent 90 jours de service.<\/li>\n\n\n\n\n\n\n<li><strong>Emp\u00eacher les incidents incompatibles cons\u00e9cutifs<\/strong> : par exemple, un cong\u00e9 personnel ne peut pas \u00eatre plac\u00e9 imm\u00e9diatement avant des vacances.<\/li>\n\n\n\n\n\n\n<li><strong>Restreindre par cat\u00e9gorie de travail<\/strong> : par exemple, les jours syndicaux uniquement disponibles pour les repr\u00e9sentants.<\/li>\n\n\n\n\n\n\n<li><strong>Limiter le nombre de demandes dans une p\u00e9riode<\/strong> : par exemple, Absence justifi\u00e9e limit\u00e9e \u00e0 3 par mois.<\/li>\n<\/ul>\n\n\n\n\n\n\n<p>Ces r\u00e8gles r\u00e9duisent les erreurs, \u00e9vitent les allers-retours inutiles et garantissent que les processus d'absence correspondent aux besoins op\u00e9rationnels.<\/p>\n","protected":false},"excerpt":{"rendered":"<p>L'application mobile Workforce dispose d'un tableau de bord permettant aux managers d\u2019assurer un suivi de pr\u00e9sence des employ\u00e9s efficace, pour une gestion du personnel optimale.<\/p>\n","protected":false},"author":251210541,"featured_media":0,"comment_status":"closed","ping_status":"closed","sticky":false,"template":"","format":"standard","meta":{"_acf_changed":false,"inline_featured_image":false,"footnotes":""},"categories":[132224],"tags":[],"class_list":["post-10823","post","type-post","status-publish","format-standard","hentry","category-workforce-app-2"],"acf":{"article_type":"default","post_id":"KA-01286","post_url_text":"Dashboard > Menu > Absenteeism Incidents > Create Incident","post_url":"\/labor-absenteeism-incidences","info_box":{"title":"","info":""},"post_video":"","import_category":"","overview_item":null,"troubleshoot_case":null},"_links":{"self":[{"href":"https:\/\/help.mapal-os.com\/fr\/wp-json\/wp\/v2\/posts\/10823","targetHints":{"allow":["GET"]}}],"collection":[{"href":"https:\/\/help.mapal-os.com\/fr\/wp-json\/wp\/v2\/posts"}],"about":[{"href":"https:\/\/help.mapal-os.com\/fr\/wp-json\/wp\/v2\/types\/post"}],"author":[{"embeddable":true,"href":"https:\/\/help.mapal-os.com\/fr\/wp-json\/wp\/v2\/users\/251210541"}],"replies":[{"embeddable":true,"href":"https:\/\/help.mapal-os.com\/fr\/wp-json\/wp\/v2\/comments?post=10823"}],"version-history":[{"count":0,"href":"https:\/\/help.mapal-os.com\/fr\/wp-json\/wp\/v2\/posts\/10823\/revisions"}],"wp:attachment":[{"href":"https:\/\/help.mapal-os.com\/fr\/wp-json\/wp\/v2\/media?parent=10823"}],"wp:term":[{"taxonomy":"category","embeddable":true,"href":"https:\/\/help.mapal-os.com\/fr\/wp-json\/wp\/v2\/categories?post=10823"},{"taxonomy":"post_tag","embeddable":true,"href":"https:\/\/help.mapal-os.com\/fr\/wp-json\/wp\/v2\/tags?post=10823"}],"curies":[{"name":"wp","href":"https:\/\/api.w.org\/{rel}","templated":true}]}}