{"id":11023,"date":"2025-01-16T14:13:55","date_gmt":"2025-01-16T13:13:55","guid":{"rendered":"https:\/\/help.mapal-os.com\/consulter-les-rapports-sur-les-transferts-demployes\/"},"modified":"2026-01-27T14:02:07","modified_gmt":"2026-01-27T13:02:07","slug":"consulter-les-rapports-sur-les-transferts-d-employas","status":"publish","type":"post","link":"https:\/\/help.mapal-os.com\/fr\/workforce-fr\/rapports-3\/consulter-les-rapports-sur-les-transferts-d-employas\/","title":{"rendered":"Consulter les rapports sur les transferts d'employ\u00e9s"},"content":{"rendered":"<div data-wrapper=\"true\">\n<p><strong>Point de d\u00e9part : <\/strong>Le module Workforce.  <\/p>\n<ul>\n<li>S\u00e9lectionnez<strong> Rapports<\/strong> dans le menu principal. <\/li>\n<\/ul>\n<p><img decoding=\"async\" data-msdynid=\"___05284d0c-1cf9-ee11-a1fe-002248879513___\" data-msdyntype=\"data:image\/png;base64\" src=\"\/wp-content\/uploads\/2025\/migration\/KA-01470\/img0.jpg\"><\/p>\n<ul>\n<li>Utilisez l'<strong>ic\u00f4ne de la loupe ? <\/strong>ou identifiez, dans la liste, le rapport<strong> 160 - Workforce - Historique personnel<\/strong>.<\/li>\n<\/ul>\n<p><img decoding=\"async\" alt=\"Interfaz de usuario gr\u00e1fica, Aplicaci\u00f3n&lt;br&gt;&lt;br&gt;Descripci\u00f3n generada autom\u00e1ticamente\" data-msdynid=\"___07284d0c-1cf9-ee11-a1fe-002248879513___\" data-msdyntype=\"data:image\/png;base64\" src=\"\/wp-content\/uploads\/2025\/migration\/KA-01470\/img1.jpg\"><\/p>\n<ul>\n<li>S\u00e9lectionnez Grouper par <strong>Employ\u00e9<\/strong>. <\/li>\n<li>D\u00e9finissez l'<strong>\u00e9tat <\/strong>de l'employ\u00e9 que vous souhaitez interroger, soit <strong>actuel<\/strong>, soit <strong>ancien<\/strong>. <\/li>\n<li>Cliquez sur le bouton <strong>S\u00e9lectionner <\/strong>pour s\u00e9lectionner un employ\u00e9 sp\u00e9cifique.<\/li>\n<li>La case <strong>Montrer incidences<\/strong> ne peut \u00eatre coch\u00e9e que si vous souhaitez voir les incidents dans la ou les p\u00e9riodes de travail \u00e0 consulter.<\/li>\n<li>S\u00e9lectionnez si vous souhaitez consulter <strong>l'ensemble de la p\u00e9riode (Tous)<\/strong> ou seulement une<strong> plage de dates <\/strong>sp\u00e9cifique.<\/li>\n<\/ul>\n<p><img decoding=\"async\" data-msdynid=\"___09284d0c-1cf9-ee11-a1fe-002248879513___\" data-msdyntype=\"data:image\/png;base64\" src=\"\/wp-content\/uploads\/2025\/migration\/KA-01470\/img2.jpg\"><\/p>\n<ul>\n<li>S\u00e9lectionnez<strong> Excel <\/strong>pour t\u00e9l\u00e9charger le rapport au format .XLS. <\/li>\n<li>Dans le document excel, la colonne<strong> \u00c9v\u00e9nement<\/strong> indique <strong>Avenant<\/strong>, tandis que la colonne <strong>Lieu <\/strong>indique les sites d'origine et de destination.<\/li>\n<\/ul>\n<p><img decoding=\"async\" data-msdynid=\"___0b284d0c-1cf9-ee11-a1fe-002248879513___\" data-msdyntype=\"data:image\/png;base64\" src=\"\/wp-content\/uploads\/2025\/migration\/KA-01470\/img3.jpg\"><\/p>\n<\/div>\n","protected":false},"excerpt":{"rendered":"<p>Lors de la configuration des cong\u00e9s, il convient de prendre en compte non seulement les param\u00e8tres des contrats ou accords, mais aussi les cong\u00e9s des autres employ\u00e9s du m\u00eame centre, afin de pouvoir effectuer une r\u00e9partition \u00e9quitable des p\u00e9riodes de vacances et g\u00e9rer rapidement le manque de personnel.<\/p>\n","protected":false},"author":251210541,"featured_media":0,"comment_status":"closed","ping_status":"closed","sticky":false,"template":"","format":"standard","meta":{"_acf_changed":false,"inline_featured_image":false,"footnotes":""},"categories":[132222],"tags":[],"class_list":["post-11023","post","type-post","status-publish","format-standard","hentry","category-rapports-3"],"acf":{"article_type":"default","post_id":"KA-01470","post_url_text":"Dashboard > Reports > 160 - Workforce - Employment History","post_url":"\/demofs\/Aplicacion\/Presencia\/Informes_Historial_Laboral\/Default.aspx","info_box":{"title":"","info":""},"post_video":"","import_category":"","overview_item":null,"troubleshoot_case":null},"_links":{"self":[{"href":"https:\/\/help.mapal-os.com\/fr\/wp-json\/wp\/v2\/posts\/11023","targetHints":{"allow":["GET"]}}],"collection":[{"href":"https:\/\/help.mapal-os.com\/fr\/wp-json\/wp\/v2\/posts"}],"about":[{"href":"https:\/\/help.mapal-os.com\/fr\/wp-json\/wp\/v2\/types\/post"}],"author":[{"embeddable":true,"href":"https:\/\/help.mapal-os.com\/fr\/wp-json\/wp\/v2\/users\/251210541"}],"replies":[{"embeddable":true,"href":"https:\/\/help.mapal-os.com\/fr\/wp-json\/wp\/v2\/comments?post=11023"}],"version-history":[{"count":0,"href":"https:\/\/help.mapal-os.com\/fr\/wp-json\/wp\/v2\/posts\/11023\/revisions"}],"wp:attachment":[{"href":"https:\/\/help.mapal-os.com\/fr\/wp-json\/wp\/v2\/media?parent=11023"}],"wp:term":[{"taxonomy":"category","embeddable":true,"href":"https:\/\/help.mapal-os.com\/fr\/wp-json\/wp\/v2\/categories?post=11023"},{"taxonomy":"post_tag","embeddable":true,"href":"https:\/\/help.mapal-os.com\/fr\/wp-json\/wp\/v2\/tags?post=11023"}],"curies":[{"name":"wp","href":"https:\/\/api.w.org\/{rel}","templated":true}]}}