{"id":17264,"date":"2026-03-12T09:00:00","date_gmt":"2026-03-12T08:00:00","guid":{"rendered":"https:\/\/help.mapal-os.com\/version-de-formation-flow-12-03-2026\/"},"modified":"2026-03-13T17:28:57","modified_gmt":"2026-03-13T16:28:57","slug":"version-de-formation-flow-12-03-2026","status":"publish","type":"post","link":"https:\/\/help.mapal-os.com\/fr\/flow-learning-fr\/version-de-formation-flow-12-03-2026\/","title":{"rendered":"Version de Formation Flow \u2013 12.03.2026"},"content":{"rendered":"\n<hr class=\"wp-block-separator has-alpha-channel-opacity\"\/>\n\n<div class=\"wp-block-cover has-white-color has-text-color has-link-color has-medium-font-size wp-elements-6cb9be663cdbf739c36f57c223d7d412\" style=\"min-height:120px;aspect-ratio:unset;\"><span aria-hidden=\"true\" class=\"wp-block-cover__background has-background-dim-100 has-background-dim\" style=\"background-color:#c7305e\"><\/span><div class=\"wp-block-cover__inner-container is-layout-constrained wp-block-cover-is-layout-constrained\">\n<p class=\"has-text-align-center has-white-color has-text-color has-background has-link-color has-large-font-size wp-elements-d115bbcb928264f80ae8e0ee25c4c6d4\" style=\"background-color:#c7305e;font-style:normal;font-weight:700\">Nouvelles fonctionnalit\u00e9s<\/p>\n<\/div><\/div>\n\n<h2 class=\"wp-block-heading\">Cr\u00e9ation de V\u00e9rifications des connaissances par IA<\/h2>\n\n<p>La cr\u00e9ation de V\u00e9rifications des connaissances par IA peut d\u00e9sormais \u00eatre activ\u00e9e pour les clients disposant des fonctionnalit\u00e9s IA et V\u00e9rifications des connaissances activ\u00e9es.<\/p>\n\n<p>Lors de la cr\u00e9ation d\u2019une nouvelle V\u00e9rification des connaissances, les utilisateurs peuvent choisir de cr\u00e9er les questions manuellement ou de les g\u00e9n\u00e9rer \u00e0 l\u2019aide de l\u2019IA. Apr\u00e8s avoir saisi une instruction et s\u00e9lectionn\u00e9 les types de questions souhait\u00e9s, l\u2019IA g\u00e9n\u00e8re un ensemble structur\u00e9 de questions qui peuvent \u00eatre revues et modifi\u00e9es avant publication. <\/p>\n\n<p>L\u2019IA g\u00e9n\u00e9rera :<\/p>\n\n<ul class=\"wp-block-list\">\n<li>Cat\u00e9gories de V\u00e9rifications des connaissances<\/li>\n\n\n\n<li>Questions au sein de chaque cat\u00e9gorie<\/li>\n\n\n\n<li>Types de questions appropri\u00e9s<\/li>\n\n\n\n<li>R\u00e9ponses correctes pour chaque question<\/li>\n<\/ul>\n\n<p>Le contenu g\u00e9n\u00e9r\u00e9 peut \u00eatre enti\u00e8rement modifi\u00e9, et les utilisateurs peuvent r\u00e9g\u00e9n\u00e9rer l\u2019\u00e9valuation s\u2019ils souhaitent recommencer.<br\/><\/p>\n\n<p><strong>Pourquoi c'est important<\/strong><\/p>\n\n<p>La cr\u00e9ation manuelle de V\u00e9rifications des connaissances peut prendre du temps, en particulier lors de la r\u00e9daction de plusieurs questions couvrant diff\u00e9rents sujets. La cr\u00e9ation assist\u00e9e par IA acc\u00e9l\u00e8re ce processus en g\u00e9n\u00e9rant un premier ensemble de questions \u00e0 partir d\u2019une simple instruction, tout en permettant aux utilisateurs d\u2019affiner et de personnaliser le contenu final. <\/p>\n\n<p><strong>Avantages cl\u00e9s<\/strong><\/p>\n\n<ul class=\"wp-block-list\">\n<li>Cr\u00e9ation plus rapide des V\u00e9rifications des connaissances : g\u00e9n\u00e9rez un brouillon complet de V\u00e9rification des connaissances \u00e0 partir d\u2019une simple instruction.<\/li>\n\n\n\n<li>G\u00e9n\u00e9ration automatique des questions et des r\u00e9ponses : l\u2019IA cr\u00e9e les questions, propose des options de r\u00e9ponse et identifie les r\u00e9ponses correctes \u00e0 partir de l\u2019instruction fournie.<\/li>\n\n\n\n<li>Contr\u00f4le total conserv\u00e9 : les questions et les r\u00e9ponses peuvent \u00eatre modifi\u00e9es, supprim\u00e9es ou r\u00e9g\u00e9n\u00e9r\u00e9es avant la publication.<\/li>\n<\/ul>\n\n<div class=\"wp-block-cover has-white-color has-text-color has-link-color has-medium-font-size wp-elements-5122327b38d9d6ceb4af56448a5f0ffa\" style=\"min-height:120px;aspect-ratio:unset;\"><span aria-hidden=\"true\" class=\"wp-block-cover__background has-background-dim-100 has-background-dim\" style=\"background-color:#c7305e\"><\/span><div class=\"wp-block-cover__inner-container is-layout-constrained wp-block-cover-is-layout-constrained\">\n<p class=\"has-text-align-center has-white-color has-text-color has-background has-link-color has-large-font-size wp-elements-df3c86d9dde478a7b7ab9ebdb86c9d92\" style=\"background-color:#c7305e;font-style:normal;font-weight:700\">Am\u00e9liorations <\/p>\n<\/div><\/div>\n\n<div class=\"wp-block-group is-vertical is-layout-flex wp-container-core-group-is-layout-8cf370e7 wp-block-group-is-layout-flex\">\n<h2 class=\"wp-block-heading\">V\u00e9rifications des connaissances \u2013 Dates de compl\u00e9tion<\/h2>\n\n\n\n<p>La date de compl\u00e9tion est d\u00e9sormais disponible pour les V\u00e9rifications des connaissances et est visible sur les principales pages destin\u00e9es aux apprenants et aux gestionnaires.<\/p>\n\n\n\n<p><strong>Ce qui a chang\u00e9<\/strong><\/p>\n\n\n\n<p>La date de compl\u00e9tion est d\u00e9sormais affich\u00e9e dans :<\/p>\n\n\n\n<div class=\"wp-block-group\"><div class=\"wp-block-group__inner-container is-layout-constrained wp-block-group-is-layout-constrained\">\n<ul class=\"wp-block-list\">\n<li><strong>La page de gestion des V\u00e9rifications des connaissances<\/strong><\/li>\n\n\n\n<li><strong>Profil de l\u2019apprenant &gt; V\u00e9rifications des connaissances<\/strong><\/li>\n\n\n\n<li>Le rapport r\u00e9capitulatif des apprenants pour les V\u00e9rifications des connaissances, y compris dans le fichier CSV export\u00e9<\/li>\n<\/ul>\n<\/div><\/div>\n\n\n\n<p><strong>Pourquoi c'est important<\/strong><\/p>\n\n\n\n<p>Auparavant, aucune date de compl\u00e9tion n\u2019\u00e9tait visible pour les V\u00e9rifications des connaissances, ce qui rendait difficile la confirmation de la date \u00e0 laquelle une V\u00e9rification des connaissances avait \u00e9t\u00e9 compl\u00e9t\u00e9e. L\u2019ajout de ce champ permet un suivi plus clair et am\u00e9liore la transparence globale des donn\u00e9es de compl\u00e9tion. <\/p>\n\n\n\n<p><strong>Avantages cl\u00e9s<\/strong><\/p>\n\n\n\n<ul class=\"wp-block-list\">\n<li>Suivi clair des compl\u00e9tions : chaque V\u00e9rification des connaissances affiche d\u00e9sormais une date de compl\u00e9tion visible.<\/li>\n\n\n\n<li>Transparence accrue : les donn\u00e9es de compl\u00e9tion sont d\u00e9sormais visibles de mani\u00e8re coh\u00e9rente dans les vues apprenant, gestion et reporting.<\/li>\n\n\n\n<li>Analyse facilit\u00e9e : la colonne \u00ab Date de compl\u00e9tion \u00bb peut \u00eatre tri\u00e9e pour simplifier l\u2019analyse.<\/li>\n<\/ul>\n<\/div>\n\n<hr class=\"wp-block-separator has-alpha-channel-opacity\"\/>\n\n<div class=\"wp-block-group is-vertical is-layout-flex wp-container-core-group-is-layout-8cf370e7 wp-block-group-is-layout-flex\">\n<h2 class=\"wp-block-heading\">Rapport des r\u00e9ponses aux Cahiers<\/h2>\n\n\n\n<p>Un nouveau rapport des r\u00e9ponses aux Cahiers est d\u00e9sormais disponible, permettant aux utilisateurs de t\u00e9l\u00e9charger une exportation CSV des r\u00e9ponses des apprenants et des donn\u00e9es de progression des Cahiers pour une analyse externe.<\/p>\n\n\n\n<p><strong>Pourquoi c'est important<\/strong><\/p>\n\n\n\n<p>Auparavant, il n\u2019\u00e9tait pas possible d\u2019extraire des donn\u00e9es d\u00e9taill\u00e9es sur les r\u00e9ponses aux Cahiers depuis Flow MS. Cela rendait l\u2019analyse des r\u00e9ponses des apprenants, le suivi de leur progression ou la r\u00e9alisation d\u2019analyses plus approfondies plus chronophages. Ce nouveau rapport fournit un acc\u00e8s direct aux donn\u00e9es structur\u00e9es des r\u00e9ponses aux Cahiers dans un format adapt\u00e9 \u00e0 une analyse plus pouss\u00e9e. <\/p>\n\n\n\n<p><strong>Avantages cl\u00e9s<\/strong><\/p>\n\n\n\n<ul class=\"wp-block-list\">\n<li>Detailed answer visibility: Access to learner responses across all Workbook question types in a single export.<\/li>\n\n\n\n<li>Capacit\u00e9 de reporting am\u00e9lior\u00e9e : permet une analyse plus approfondie des performances des Cahiers et de la progression des apprenants en dehors de Flow MS.<\/li>\n\n\n\n<li>Export de donn\u00e9es structur\u00e9 : une ligne par r\u00e9ponse d\u2019apprenant, rendant le fichier facile \u00e0 manipuler et \u00e0 exploiter pour le reporting.<\/li>\n<\/ul>\n<\/div>\n\n<hr class=\"wp-block-separator has-alpha-channel-opacity\"\/>\n\n<div class=\"wp-block-group is-vertical is-layout-flex wp-container-core-group-is-layout-8cf370e7 wp-block-group-is-layout-flex\">\n<hr class=\"wp-block-separator has-alpha-channel-opacity\"\/>\n\n\n\n<h2 class=\"wp-block-heading\">Collections \u2013 Gestion des \u00e9l\u00e9ments Explorer l\u2019apprentissage non publi\u00e9s<\/h2>\n\n\n\n<p>Lorsqu\u2019un \u00e9l\u00e9ment Explorer l\u2019apprentissage est d\u00e9publi\u00e9, il est d\u00e9sormais enti\u00e8rement retir\u00e9 des Collections et n\u2019impacte plus la progression des apprenants.<\/p>\n\n\n\n<p><strong>Pourquoi c'est important<\/strong><\/p>\n\n\n\n<p>Auparavant, les \u00e9l\u00e9ments Explorer l\u2019apprentissage d\u00e9publi\u00e9s \u00e9taient retir\u00e9s des mod\u00e8les de Collections, mais restaient pr\u00e9sents dans les Collections d\u00e9j\u00e0 attribu\u00e9es aux apprenants.<\/p>\n\n\n\n<p>Cela pouvait entra\u00eener l\u2019apparition de contenu vide dans Mapal One et emp\u00eacher les apprenants de terminer une Collection en raison d\u2019\u00e9l\u00e9ments inactifs.<\/p>\n\n\n\n<p><strong>Avantages cl\u00e9s<\/strong><\/p>\n\n\n\n<ul class=\"wp-block-list\">\n<li>Structure de Collection plus pr\u00e9cise : le nombre d\u2019\u00e9l\u00e9ments refl\u00e8te d\u00e9sormais uniquement le contenu actif.<\/li>\n\n\n\n<li>Exp\u00e9rience apprenant am\u00e9lior\u00e9e : les apprenants ne voient plus d\u2019\u00e9l\u00e9ments vides ou inactifs.<\/li>\n\n\n\n<li>Compl\u00e9tion non bloqu\u00e9e : les Collections peuvent d\u00e9sormais \u00eatre termin\u00e9es sans \u00eatre bloqu\u00e9es par du contenu non publi\u00e9.<\/li>\n<\/ul>\n<\/div>\n\n<hr class=\"wp-block-separator has-alpha-channel-opacity\"\/>\n\n<div class=\"wp-block-group is-vertical is-layout-flex wp-container-core-group-is-layout-8cf370e7 wp-block-group-is-layout-flex\">\n<hr class=\"wp-block-separator has-alpha-channel-opacity\"\/>\n\n\n\n<h2 class=\"wp-block-heading\">SSO \u2013 Configuration des domaines d\u2019e-mail autoris\u00e9s<\/h2>\n\n\n\n<p>La possibilit\u00e9 de d\u00e9finir des domaines d\u2019e-mail autoris\u00e9s a \u00e9t\u00e9 ajout\u00e9e dans le cadre de la configuration SSO d\u2019un op\u00e9rateur.<\/p>\n\n\n\n<p><strong>Pourquoi c'est important<\/strong><\/p>\n\n\n\n<p>Auparavant, aucun m\u00e9canisme ne permettait de restreindre la validation de l\u2019identifiant SSO en fonction du domaine d\u2019e-mail. Les op\u00e9rateurs ne pouvaient donc pas contr\u00f4ler quels domaines d\u2019e-mail \u00e9taient accept\u00e9s comme identifiants valides lors du processus SSO. <\/p>\n\n\n\n<p>La configuration des domaines autoris\u00e9s permet un contr\u00f4le plus pr\u00e9cis des r\u00e8gles d\u2019authentification au niveau de l\u2019op\u00e9rateur.<\/p>\n\n\n\n<p><strong>Avantages cl\u00e9s<\/strong><\/p>\n\n\n\n<ul class=\"wp-block-list\">\n<li>Contr\u00f4le d\u2019acc\u00e8s am\u00e9lior\u00e9 : les op\u00e9rateurs peuvent restreindre l\u2019acc\u00e8s SSO aux domaines d\u2019e-mail approuv\u00e9s.<\/li>\n\n\n\n<li>Configuration de s\u00e9curit\u00e9 renforc\u00e9e : plus grande flexibilit\u00e9 dans la d\u00e9finition des r\u00e8gles d\u2019authentification pour chaque op\u00e9rateur.<\/li>\n\n\n\n<li>Contr\u00f4le au niveau de l\u2019op\u00e9rateur : les r\u00e8gles de domaine peuvent \u00eatre configur\u00e9es individuellement pour chaque configuration SSO.<\/li>\n<\/ul>\n<\/div>\n\n<hr class=\"wp-block-separator has-alpha-channel-opacity\"\/>\n\n<div class=\"wp-block-cover has-white-color has-text-color has-link-color has-medium-font-size wp-elements-3406de0bb770c76802bfdc7e8c6b7e78\" style=\"min-height:150px;aspect-ratio:unset;\"><span aria-hidden=\"true\" class=\"wp-block-cover__background has-background-dim-100 has-background-dim\" style=\"background-color:#c7305e\"><\/span><div class=\"wp-block-cover__inner-container is-layout-constrained wp-block-cover-is-layout-constrained\">\n<p class=\"has-text-align-center has-white-color has-text-color has-background has-link-color has-large-font-size wp-elements-0e8facc365e8545543a2b3e652a59f8f\" style=\"background-color:#c7305e;font-style:normal;font-weight:700\"> Corrections de bugs <\/p>\n<\/div><\/div>\n\n<hr class=\"wp-block-separator has-alpha-channel-opacity\"\/>\n\n<ul class=\"wp-block-list\">\n<li>Notifications en double pour les actualit\u00e9s | Nous avons corrig\u00e9 un probl\u00e8me pouvant entra\u00eener l\u2019envoi de notifications par e-mail en double pour une seule actualit\u00e9 publi\u00e9e.<\/li>\n\n\n\n<li>\u00c9l\u00e9ments du tableau d\u2019affichage attribu\u00e9s \u00e0 des apprenants inactifs | Nous avons corrig\u00e9 un probl\u00e8me pouvant entra\u00eener l\u2019attribution d\u2019\u00e9l\u00e9ments du tableau d\u2019affichage et l\u2019envoi de notifications par e-mail associ\u00e9es \u00e0 des apprenants inactifs lorsque leur intitul\u00e9 de poste \u00e9tait mis \u00e0 jour.<\/li>\n\n\n\n<li>Gestion de l\u2019acc\u00e8s aux favoris d\u2019Apprentissage suppl\u00e9mentaire | Nous avons corrig\u00e9 un probl\u00e8me o\u00f9 les favoris d\u2019Apprentissage suppl\u00e9mentaire restaient visibles m\u00eame apr\u00e8s qu\u2019un apprenant ait perdu l\u2019acc\u00e8s en raison de changements de marque ou de juridiction.<\/li>\n<\/ul>\n\n<p><\/p>\n","protected":false},"excerpt":{"rendered":"<p>Cr\u00e9ation de V\u00e9rifications des connaissances par IA La cr\u00e9ation de V\u00e9rifications des connaissances par IA peut d\u00e9sormais \u00eatre activ\u00e9e pour les clients disposant des fonctionnalit\u00e9s IA et V\u00e9rifications des connaissances activ\u00e9es. Lors de la cr\u00e9ation d\u2019une nouvelle V\u00e9rification des connaissances, les utilisateurs peuvent choisir de cr\u00e9er les questions manuellement ou de les g\u00e9n\u00e9rer \u00e0 l\u2019aide [&hellip;]<\/p>\n","protected":false},"author":251318883,"featured_media":0,"comment_status":"closed","ping_status":"closed","sticky":false,"template":"","format":"standard","meta":{"_acf_changed":false,"inline_featured_image":false,"footnotes":""},"categories":[132064,132561],"tags":[131531,133094,133096],"class_list":["post-17264","post","type-post","status-publish","format-standard","hentry","category-flow-learning-fr","category-quoi-de-neuf-flow","tag-release-notes","tag-whats-new","tag-flow"],"acf":{"article_type":"default","post_id":"","post_url_text":"","post_url":"","info_box":{"title":"","info":""},"post_video":null,"import_category":"","overview_item":null,"troubleshoot_case":null},"_links":{"self":[{"href":"https:\/\/help.mapal-os.com\/fr\/wp-json\/wp\/v2\/posts\/17264","targetHints":{"allow":["GET"]}}],"collection":[{"href":"https:\/\/help.mapal-os.com\/fr\/wp-json\/wp\/v2\/posts"}],"about":[{"href":"https:\/\/help.mapal-os.com\/fr\/wp-json\/wp\/v2\/types\/post"}],"author":[{"embeddable":true,"href":"https:\/\/help.mapal-os.com\/fr\/wp-json\/wp\/v2\/users\/251318883"}],"replies":[{"embeddable":true,"href":"https:\/\/help.mapal-os.com\/fr\/wp-json\/wp\/v2\/comments?post=17264"}],"version-history":[{"count":0,"href":"https:\/\/help.mapal-os.com\/fr\/wp-json\/wp\/v2\/posts\/17264\/revisions"}],"wp:attachment":[{"href":"https:\/\/help.mapal-os.com\/fr\/wp-json\/wp\/v2\/media?parent=17264"}],"wp:term":[{"taxonomy":"category","embeddable":true,"href":"https:\/\/help.mapal-os.com\/fr\/wp-json\/wp\/v2\/categories?post=17264"},{"taxonomy":"post_tag","embeddable":true,"href":"https:\/\/help.mapal-os.com\/fr\/wp-json\/wp\/v2\/tags?post=17264"}],"curies":[{"name":"wp","href":"https:\/\/api.w.org\/{rel}","templated":true}]}}